{"id":125,"date":"2026-08-12T17:24:30","date_gmt":"2026-08-12T15:24:30","guid":{"rendered":"https:\/\/solsetnature.fr\/conseils\/?p=125"},"modified":"2026-08-12T17:24:33","modified_gmt":"2026-08-12T15:24:33","slug":"comment-integrer-un-parquet-vieilli-dans-un-interieur-contemporain","status":"publish","type":"post","link":"https:\/\/solsetnature.fr\/conseils\/comment-integrer-un-parquet-vieilli-dans-un-interieur-contemporain\/","title":{"rendered":"Comment int\u00e9grer un parquet vieilli dans un int\u00e9rieur contemporain ?"},"content":{"rendered":"\n<p class=\"wp-block-paragraph\">Parquet vieilli, n\u0153uds marqu\u00e9s, nuances naturelles, relief travaill\u00e9\u2026 \u00c0 premi\u00e8re vue, on pourrait imaginer ce type de parquet uniquement dans une vieille maison, accompagn\u00e9 de poutres apparentes, de pierres et de meubles anciens.<\/p>\n\n\n\n<p class=\"wp-block-paragraph\">Pourtant, c&rsquo;est souvent dans un <strong>int\u00e9rieur contemporain<\/strong> que le contraste devient le plus int\u00e9ressant.<\/p>\n\n\n\n<p class=\"wp-block-paragraph\">Un parquet en ch\u00eane de caract\u00e8re peut apporter exactement ce qui manque parfois aux architectures modernes : de la mati\u00e8re, de la chaleur et une impression que le lieu poss\u00e8de d\u00e9j\u00e0 une histoire.<\/p>\n\n\n\n<p class=\"wp-block-paragraph\">C&rsquo;est particuli\u00e8rement vrai avec les <strong>parquets Arbony vieillis \u00e0 la main<\/strong>, que nous pr\u00e9sentons chez <strong>Sols &amp; Nature \u00e0 Cormontreuil, pr\u00e8s de Reims<\/strong>.<\/p>\n\n\n\n<p class=\"wp-block-paragraph\"><strong>Un parquet qui poss\u00e8de l&rsquo;\u00e2me de l&rsquo;ancien n&rsquo;oblige pas \u00e0 vivre dans le pass\u00e9.<\/strong><br>Associ\u00e9 \u00e0 une architecture sobre et \u00e0 un mobilier contemporain, il peut au contraire devenir l&rsquo;\u00e9l\u00e9ment qui donne toute sa personnalit\u00e9 \u00e0 la pi\u00e8ce.<\/p>\n\n\n\n<h2 class=\"wp-block-heading\">Parquet vieilli ne veut pas dire d\u00e9coration rustique<\/h2>\n\n\n\n<p class=\"wp-block-paragraph\">C&rsquo;est probablement la premi\u00e8re id\u00e9e re\u00e7ue \u00e0 oublier.<\/p>\n\n\n\n<p class=\"wp-block-paragraph\">Le caract\u00e8re d&rsquo;un parquet et le style de la d\u00e9coration sont deux choses diff\u00e9rentes.<\/p>\n\n\n\n<p class=\"wp-block-paragraph\">Un parquet en ch\u00eane vieilli peut naturellement accompagner une maison ancienne, mais il fonctionne \u00e9galement tr\u00e8s bien avec :<\/p>\n\n\n\n<ul class=\"wp-block-list\">\n<li>des murs blancs ;<\/li>\n\n\n\n<li>une cuisine contemporaine ;<\/li>\n\n\n\n<li>un canap\u00e9 en lin ;<\/li>\n\n\n\n<li>du mobilier aux lignes tr\u00e8s simples ;<\/li>\n\n\n\n<li>du m\u00e9tal noir ;<\/li>\n\n\n\n<li>du verre ;<\/li>\n\n\n\n<li>des textiles naturels ;<\/li>\n\n\n\n<li>une d\u00e9coration minimaliste.<\/li>\n<\/ul>\n\n\n\n<p class=\"wp-block-paragraph\">Dans ce type d&rsquo;int\u00e9rieur, le parquet ne renforce pas un style ancien : <strong>il cr\u00e9e le contraste.<\/strong><\/p>\n\n\n\n<h2 class=\"wp-block-heading\">Le contraste entre ancien et contemporain<\/h2>\n\n\n\n<p class=\"wp-block-paragraph\">En d\u00e9coration int\u00e9rieure, les associations les plus int\u00e9ressantes ne sont pas forc\u00e9ment celles o\u00f9 tout appartient au m\u00eame univers.<\/p>\n\n\n\n<p class=\"wp-block-paragraph\">Une architecture contemporaine est souvent compos\u00e9e de surfaces tr\u00e8s r\u00e9guli\u00e8res :<\/p>\n\n\n\n<ul class=\"wp-block-list\">\n<li>murs parfaitement lisses ;<\/li>\n\n\n\n<li>grandes baies vitr\u00e9es ;<\/li>\n\n\n\n<li>mobilier aux lignes droites ;<\/li>\n\n\n\n<li>cuisine sans poign\u00e9es ;<\/li>\n\n\n\n<li>couleurs relativement sobres.<\/li>\n<\/ul>\n\n\n\n<p class=\"wp-block-paragraph\">Ajouter un sol parfaitement uniforme peut parfois accentuer encore cette impression.<\/p>\n\n\n\n<p class=\"wp-block-paragraph\">\u00c0 l&rsquo;inverse, un <strong>parquet de caract\u00e8re<\/strong> introduit imm\u00e9diatement des \u00e9l\u00e9ments que l&rsquo;architecture contemporaine poss\u00e8de moins naturellement : des n\u0153uds, du veinage, des nuances, du relief et de petites irr\u00e9gularit\u00e9s.<\/p>\n\n\n\n<blockquote class=\"wp-block-quote is-layout-flow wp-block-quote-is-layout-flow\">\n<p class=\"wp-block-paragraph\">Plus l&rsquo;architecture est sobre, plus la mati\u00e8re du parquet peut devenir spectaculaire.<\/p>\n<\/blockquote>\n\n\n\n<h2 class=\"wp-block-heading\">Le parquet peut devenir la mati\u00e8re principale de la pi\u00e8ce<\/h2>\n\n\n\n<p class=\"wp-block-paragraph\">Lorsqu&rsquo;un parquet poss\u00e8de beaucoup de caract\u00e8re, il n&rsquo;est pas n\u00e9cessaire de multiplier les effets d\u00e9coratifs autour.<\/p>\n\n\n\n<p class=\"wp-block-paragraph\">Le sol peut d\u00e9j\u00e0 apporter :<\/p>\n\n\n\n<ul class=\"wp-block-list\">\n<li>la couleur ;<\/li>\n\n\n\n<li>le relief ;<\/li>\n\n\n\n<li>le rythme ;<\/li>\n\n\n\n<li>la chaleur ;<\/li>\n\n\n\n<li>une partie importante de l&rsquo;identit\u00e9 de la pi\u00e8ce.<\/li>\n<\/ul>\n\n\n\n<p class=\"wp-block-paragraph\">Le reste de la d\u00e9coration peut alors devenir beaucoup plus simple.<\/p>\n\n\n\n<p class=\"wp-block-paragraph\">C&rsquo;est une approche que nous appr\u00e9cions particuli\u00e8rement : plut\u00f4t que d&rsquo;accumuler les \u00e9l\u00e9ments d\u00e9coratifs, on choisit quelques belles mati\u00e8res et on leur laisse suffisamment d&rsquo;espace pour s&rsquo;exprimer.<\/p>\n\n\n\n<h2 class=\"wp-block-heading\">Pourquoi Arbony fonctionne particuli\u00e8rement bien dans cet exercice ?<\/h2>\n\n\n\n<p class=\"wp-block-paragraph\">Les parquets <strong>Arbony<\/strong> que nous avons pr\u00e9sent\u00e9s dans les pr\u00e9c\u00e9dents \u00e9pisodes de cette s\u00e9rie poss\u00e8dent justement cette richesse de mati\u00e8re.<\/p>\n\n\n\n<p class=\"wp-block-paragraph\">Le travail r\u00e9alis\u00e9 sur le bois permet de mettre en valeur :<\/p>\n\n\n\n<ul class=\"wp-block-list\">\n<li>le veinage naturel du ch\u00eane ;<\/li>\n\n\n\n<li>les diff\u00e9rences entre les lames ;<\/li>\n\n\n\n<li>les n\u0153uds ;<\/li>\n\n\n\n<li>les petites gerces et singularit\u00e9s ;<\/li>\n\n\n\n<li>le relief de la surface ;<\/li>\n\n\n\n<li>les nuances naturelles du bois.<\/li>\n<\/ul>\n\n\n\n<p class=\"wp-block-paragraph\">Nous avons consacr\u00e9 le premier \u00e9pisode au <a href=\"https:\/\/solsetnature.fr\/conseils\/parquet-arbony-le-charme-dun-parquet-ancien-vieilli-a-la-main\/\"><strong>travail du parquet Arbony vieilli \u00e0 la main<\/strong><\/a>.<\/p>\n\n\n\n<p class=\"wp-block-paragraph\">Le deuxi\u00e8me explique <a href=\"https:\/\/solsetnature.fr\/conseils\/parquet-arbony-sans-teinte-quand-le-bois-naturel-cree-sa-propre-couleur\/\"><strong>comment le bois naturel peut cr\u00e9er sa propre couleur<\/strong><\/a>.<\/p>\n\n\n\n<p class=\"wp-block-paragraph\">Et le troisi\u00e8me s&rsquo;int\u00e9resse \u00e0 <a href=\"https:\/\/solsetnature.fr\/conseils\/pourquoi-les-defauts-du-bois-font-ils-la-beaute-dun-parquet-ancien\/\"><strong>la beaut\u00e9 des n\u0153uds, des fentes et des irr\u00e9gularit\u00e9s du bois<\/strong><\/a>.<\/p>\n\n\n\n<p class=\"wp-block-paragraph\">Ce quatri\u00e8me volet permet maintenant de prendre du recul et d&rsquo;observer ce que tous ces d\u00e9tails produisent une fois le parquet int\u00e9gr\u00e9 dans une pi\u00e8ce enti\u00e8re.<\/p>\n\n\n\n<h2 class=\"wp-block-heading\">Murs blancs et parquet de caract\u00e8re : une association particuli\u00e8rement efficace<\/h2>\n\n\n\n<p class=\"wp-block-paragraph\">Le blanc constitue probablement l&rsquo;un des environnements les plus simples pour mettre en valeur un parquet vieilli.<\/p>\n\n\n\n<p class=\"wp-block-paragraph\">Pourquoi ?<\/p>\n\n\n\n<p class=\"wp-block-paragraph\">Parce qu&rsquo;il cr\u00e9e un contraste tr\u00e8s lisible entre une surface parfaitement calme et la richesse du bois.<\/p>\n\n\n\n<p class=\"wp-block-paragraph\">Les murs restent discrets tandis que les nuances du parquet attirent naturellement le regard.<\/p>\n\n\n\n<p class=\"wp-block-paragraph\">Dans le chantier Arbony que nous pr\u00e9sentons ici, les murs et les boiseries blanches jouent pr\u00e9cis\u00e9ment ce r\u00f4le : ils laissent au parquet toute la place n\u00e9cessaire pour exister.<\/p>\n\n\n\n<h2 class=\"wp-block-heading\">Quels meubles associer \u00e0 un parquet vieilli ?<\/h2>\n\n\n\n<p class=\"wp-block-paragraph\">Il n&rsquo;existe \u00e9videmment aucune r\u00e8gle absolue, mais quelques associations fonctionnent particuli\u00e8rement bien.<\/p>\n\n\n\n<h3 class=\"wp-block-heading\">Le lin et les textiles naturels<\/h3>\n\n\n\n<p class=\"wp-block-paragraph\">Un canap\u00e9 \u00e9cru, beige ou blanc cass\u00e9 permet de conserver une ambiance lumineuse tout en r\u00e9pondant au c\u00f4t\u00e9 naturel du bois.<\/p>\n\n\n\n<h3 class=\"wp-block-heading\">Le cuir<\/h3>\n\n\n\n<p class=\"wp-block-paragraph\">Un fauteuil en cuir cognac ou brun peut cr\u00e9er une tr\u00e8s belle continuit\u00e9 avec les nuances chaudes d&rsquo;un ch\u00eane vieilli.<\/p>\n\n\n\n<h3 class=\"wp-block-heading\">Le m\u00e9tal noir<\/h3>\n\n\n\n<p class=\"wp-block-paragraph\">Utilis\u00e9 avec mod\u00e9ration, il apporte une touche plus contemporaine et cr\u00e9e un contraste int\u00e9ressant avec le bois.<\/p>\n\n\n\n<h3 class=\"wp-block-heading\">Le mobilier en bois<\/h3>\n\n\n\n<p class=\"wp-block-paragraph\">Il est tout \u00e0 fait possible d&rsquo;associer un parquet de caract\u00e8re \u00e0 des meubles en bois. Il faut simplement \u00e9viter de vouloir reproduire exactement la m\u00eame teinte partout.<\/p>\n\n\n\n<p class=\"wp-block-paragraph\">Un l\u00e9ger contraste entre les diff\u00e9rentes essences ou finitions donne g\u00e9n\u00e9ralement un r\u00e9sultat beaucoup plus naturel.<\/p>\n\n\n\n<h2 class=\"wp-block-heading\">Attention \u00e0 ne pas vouloir tout assortir<\/h2>\n\n\n\n<p class=\"wp-block-paragraph\">C&rsquo;est un r\u00e9flexe fr\u00e9quent : parquet en ch\u00eane, table en ch\u00eane, meuble TV en ch\u00eane, cuisine imitation ch\u00eane\u2026<\/p>\n\n\n\n<p class=\"wp-block-paragraph\">Et id\u00e9alement, exactement dans la m\u00eame couleur.<\/p>\n\n\n\n<p class=\"wp-block-paragraph\">En pratique, cette recherche d&rsquo;uniformit\u00e9 peut produire l&rsquo;effet inverse de celui recherch\u00e9.<\/p>\n\n\n\n<p class=\"wp-block-paragraph\">Les diff\u00e9rences naturelles entre les mat\u00e9riaux rendent de toute fa\u00e7on l&rsquo;accord parfait tr\u00e8s difficile. Et surtout, un int\u00e9rieur a souvent besoin de contraste pour prendre du relief.<\/p>\n\n\n\n<p class=\"wp-block-paragraph\"><strong>Le parquet n&rsquo;a pas besoin d&rsquo;\u00eatre de la m\u00eame couleur que les meubles.<\/strong><br>Il doit fonctionner avec eux. Ce n&rsquo;est pas tout \u00e0 fait la m\u00eame chose.<\/p>\n\n\n\n<h2 class=\"wp-block-heading\">Et dans une cuisine contemporaine ?<\/h2>\n\n\n\n<p class=\"wp-block-paragraph\">Le contraste peut \u00eatre particuli\u00e8rement int\u00e9ressant.<\/p>\n\n\n\n<p class=\"wp-block-paragraph\">Une cuisine blanche, noire, beige ou tr\u00e8s \u00e9pur\u00e9e peut parfaitement fonctionner avec un parquet pr\u00e9sentant beaucoup de caract\u00e8re.<\/p>\n\n\n\n<p class=\"wp-block-paragraph\">Le mobilier apporte alors la pr\u00e9cision et les lignes contemporaines tandis que le parquet apporte la mati\u00e8re.<\/p>\n\n\n\n<p class=\"wp-block-paragraph\">Pour les contraintes particuli\u00e8res li\u00e9es aux pi\u00e8ces d&rsquo;eau et aux cuisines, consultez \u00e9galement notre guide <a href=\"https:\/\/solsetnature.fr\/conseils\/peut-on-poser-un-parquet-dans-une-cuisine\/\"><strong>Peut-on poser un parquet dans une cuisine ?<\/strong><\/a>.<\/p>\n\n\n\n<h2 class=\"wp-block-heading\">Une vraie photo de chantier\u2026 puis une projection pour imaginer la suite<\/h2>\n\n\n\n<p class=\"wp-block-paragraph\">Les photographies pr\u00e9sent\u00e9es dans cette s\u00e9rie proviennent d&rsquo;un v\u00e9ritable chantier r\u00e9alis\u00e9 avec un parquet Arbony.<\/p>\n\n\n\n<p class=\"wp-block-paragraph\">Au moment des prises de vue, la pi\u00e8ce n&rsquo;\u00e9tait pas encore meubl\u00e9e.<\/p>\n\n\n\n<p class=\"wp-block-paragraph\">C&rsquo;est une situation int\u00e9ressante, car elle permet d&rsquo;abord d&rsquo;observer le parquet sans aucun \u00e9l\u00e9ment susceptible de d\u00e9tourner le regard : ses nuances, sa r\u00e9partition, son relief et son int\u00e9gration dans l&rsquo;architecture.<\/p>\n\n\n\n<p class=\"wp-block-paragraph\">Nous avons ensuite r\u00e9alis\u00e9 une <strong>projection d&rsquo;ambiance \u00e0 partir de la photographie originale<\/strong> en ajoutant virtuellement un mobilier volontairement sobre : canap\u00e9 en lin, fauteuil en cuir, tapis naturel et mobilier en bois.<\/p>\n\n\n\n<p class=\"wp-block-paragraph\">L&rsquo;objectif n&rsquo;est \u00e9videmment pas de pr\u00e9senter cette projection comme une photographie du logement termin\u00e9.<\/p>\n\n\n\n<p class=\"wp-block-paragraph\">Elle permet simplement de r\u00e9pondre \u00e0 une question essentielle :<\/p>\n\n\n\n<blockquote class=\"wp-block-quote is-layout-flow wp-block-quote-is-layout-flow\">\n<p class=\"wp-block-paragraph\">\u00ab \u00c0 quoi pourrait ressembler ce parquet une fois la maison r\u00e9ellement habit\u00e9e ? \u00bb<\/p>\n<\/blockquote>\n\n\n\n<p class=\"wp-block-paragraph\">C&rsquo;est \u00e9galement le type de r\u00e9flexion que nous pouvons mener avec les clients qui viennent au showroom avec des photos de leur propre int\u00e9rieur.<\/p>\n\n\n\n<h2 class=\"wp-block-heading\">Peut-on visualiser un parquet directement dans son propre salon ?<\/h2>\n\n\n\n<p class=\"wp-block-paragraph\">Oui, et c&rsquo;est aujourd&rsquo;hui un outil particuli\u00e8rement int\u00e9ressant pour pr\u00e9parer un projet.<\/p>\n\n\n\n<p class=\"wp-block-paragraph\">Chez <strong>Sols &amp; Nature<\/strong>, nous pouvons travailler \u00e0 partir de photographies de votre maison afin de r\u00e9aliser diff\u00e9rentes projections et comparer plusieurs ambiances.<\/p>\n\n\n\n<p class=\"wp-block-paragraph\">Cela permet notamment de tester :<\/p>\n\n\n\n<ul class=\"wp-block-list\">\n<li>un parquet plus clair ou plus fonc\u00e9 ;<\/li>\n\n\n\n<li>un produit plus ou moins rustique ;<\/li>\n\n\n\n<li>diff\u00e9rentes couleurs de murs ;<\/li>\n\n\n\n<li>l&rsquo;association avec une cuisine ;<\/li>\n\n\n\n<li>l&rsquo;effet du mobilier existant ;<\/li>\n\n\n\n<li>plusieurs styles de d\u00e9coration.<\/li>\n<\/ul>\n\n\n\n<p class=\"wp-block-paragraph\">La projection ne remplace \u00e9videmment jamais l&rsquo;observation du v\u00e9ritable parquet. Elle constitue plut\u00f4t une aide suppl\u00e9mentaire pour \u00e9liminer certaines h\u00e9sitations.<\/p>\n\n\n\n<h2 class=\"wp-block-heading\">Pourquoi venir voir Arbony dans notre showroom pr\u00e8s de Reims ?<\/h2>\n\n\n\n<p class=\"wp-block-paragraph\">Un parquet de caract\u00e8re est probablement l&rsquo;un des rev\u00eatements les plus difficiles \u00e0 choisir uniquement sur Internet.<\/p>\n\n\n\n<p class=\"wp-block-paragraph\">La photo montre la couleur g\u00e9n\u00e9rale.<\/p>\n\n\n\n<p class=\"wp-block-paragraph\">Mais elle montre beaucoup moins bien :<\/p>\n\n\n\n<ul class=\"wp-block-list\">\n<li>le relief sous la main ;<\/li>\n\n\n\n<li>la profondeur des n\u0153uds ;<\/li>\n\n\n\n<li>les variations entre plusieurs lames ;<\/li>\n\n\n\n<li>la r\u00e9action de la surface \u00e0 la lumi\u00e8re ;<\/li>\n\n\n\n<li>la v\u00e9ritable dimension des lames ;<\/li>\n\n\n\n<li>la sensation g\u00e9n\u00e9rale produite par le bois.<\/li>\n<\/ul>\n\n\n\n<p class=\"wp-block-paragraph\">Pour un projet de <strong>parquet Arbony \u00e0 Reims, Cormontreuil ou dans la Marne<\/strong>, nous conseillons donc de venir d\u00e9couvrir les produits en vrai.<\/p>\n\n\n\n<p class=\"wp-block-paragraph\">Vous pouvez \u00e9galement apporter des photos de votre salon, de votre cuisine ou de votre future pi\u00e8ce de vie afin que nous puissions r\u00e9fl\u00e9chir ensemble aux associations possibles.<\/p>\n\n\n\n<p class=\"wp-block-paragraph\">D\u00e9couvrez \u00e9galement <a href=\"https:\/\/solsetnature.fr\/conseils\/pourquoi-visiter-notre-showroom-parquet-a-reims-avant-de-faire-votre-choix\/\"><strong>pourquoi visiter notre showroom parquet \u00e0 Reims avant de faire votre choix<\/strong><\/a>.<\/p>\n\n\n\n<h2 class=\"wp-block-heading\">Notre conseil<\/h2>\n\n\n\n<p class=\"wp-block-paragraph\">Si vous aimez les parquets anciens mais que votre int\u00e9rieur est contemporain, ne cherchez pas forc\u00e9ment \u00e0 choisir un sol plus sage pour rester dans le style de la maison.<\/p>\n\n\n\n<p class=\"wp-block-paragraph\">Le contraste entre une architecture moderne et un v\u00e9ritable parquet de caract\u00e8re peut justement devenir la signature de votre int\u00e9rieur. L&rsquo;important est de trouver le bon \u00e9quilibre entre le sol, les murs, le mobilier et la lumi\u00e8re.<\/p>\n\n\n\n<hr class=\"wp-block-separator has-alpha-channel-opacity\"\/>\n\n\n\n<h2 class=\"wp-block-heading\">La s\u00e9rie Arbony<\/h2>\n\n\n\n<ul class=\"wp-block-list\">\n<li><a href=\"https:\/\/solsetnature.fr\/conseils\/parquet-arbony-le-charme-dun-parquet-ancien-vieilli-a-la-main\/\"><strong>\u00c9pisode 1 \u2013 Parquet Arbony : le charme d&rsquo;un parquet ancien, vieilli \u00e0 la main<\/strong><\/a><\/li>\n\n\n\n<li><a href=\"https:\/\/solsetnature.fr\/conseils\/parquet-arbony-sans-teinte-quand-le-bois-naturel-cree-sa-propre-couleur\/\"><strong>\u00c9pisode 2 \u2013 Parquet Arbony sans teinte : quand le bois naturel cr\u00e9e sa propre couleur<\/strong><\/a><\/li>\n\n\n\n<li><a href=\"https:\/\/solsetnature.fr\/conseils\/pourquoi-les-defauts-du-bois-font-ils-la-beaute-dun-parquet-ancien\/\"><strong>\u00c9pisode 3 \u2013 Pourquoi les d\u00e9fauts du bois font-ils la beaut\u00e9 d&rsquo;un parquet ancien ?<\/strong><\/a><\/li>\n<\/ul>\n\n\n\n<p class=\"wp-block-paragraph\">&lt;h2 style=\u00a0\u00bbmargin-top:38px<\/p>\n","protected":false},"excerpt":{"rendered":"<p>Parquet vieilli, n\u0153uds marqu\u00e9s, nuances naturelles, relief travaill\u00e9\u2026 \u00c0 premi\u00e8re vue, on pourrait imaginer ce type de parquet uniquement dans une vieille maison, accompagn\u00e9 de poutres apparentes, de pierres et de meubles anciens. Pourtant, c&rsquo;est souvent dans un int\u00e9rieur contemporain que le contraste devient le plus int\u00e9ressant. Un parquet en ch\u00eane de caract\u00e8re peut apporter&#8230;<\/p>\n","protected":false},"author":1,"featured_media":126,"comment_status":"closed","ping_status":"closed","sticky":false,"template":"","format":"standard","meta":{"_kad_post_transparent":"","_kad_post_title":"","_kad_post_layout":"","_kad_post_sidebar_id":"","_kad_post_content_style":"","_kad_post_vertical_padding":"","_kad_post_feature":"","_kad_post_feature_position":"","_kad_post_header":false,"_kad_post_footer":false,"_kad_post_classname":"","footnotes":""},"categories":[1],"tags":[],"class_list":["post-125","post","type-post","status-publish","format-standard","has-post-thumbnail","hentry","category-non-classe"],"_links":{"self":[{"href":"https:\/\/solsetnature.fr\/conseils\/wp-json\/wp\/v2\/posts\/125","targetHints":{"allow":["GET"]}}],"collection":[{"href":"https:\/\/solsetnature.fr\/conseils\/wp-json\/wp\/v2\/posts"}],"about":[{"href":"https:\/\/solsetnature.fr\/conseils\/wp-json\/wp\/v2\/types\/post"}],"author":[{"embeddable":true,"href":"https:\/\/solsetnature.fr\/conseils\/wp-json\/wp\/v2\/users\/1"}],"replies":[{"embeddable":true,"href":"https:\/\/solsetnature.fr\/conseils\/wp-json\/wp\/v2\/comments?post=125"}],"version-history":[{"count":1,"href":"https:\/\/solsetnature.fr\/conseils\/wp-json\/wp\/v2\/posts\/125\/revisions"}],"predecessor-version":[{"id":127,"href":"https:\/\/solsetnature.fr\/conseils\/wp-json\/wp\/v2\/posts\/125\/revisions\/127"}],"wp:featuredmedia":[{"embeddable":true,"href":"https:\/\/solsetnature.fr\/conseils\/wp-json\/wp\/v2\/media\/126"}],"wp:attachment":[{"href":"https:\/\/solsetnature.fr\/conseils\/wp-json\/wp\/v2\/media?parent=125"}],"wp:term":[{"taxonomy":"category","embeddable":true,"href":"https:\/\/solsetnature.fr\/conseils\/wp-json\/wp\/v2\/categories?post=125"},{"taxonomy":"post_tag","embeddable":true,"href":"https:\/\/solsetnature.fr\/conseils\/wp-json\/wp\/v2\/tags?post=125"}],"curies":[{"name":"wp","href":"https:\/\/api.w.org\/{rel}","templated":true}]}}